{"id":5296,"date":"2019-05-07T20:01:01","date_gmt":"2019-05-07T18:01:01","guid":{"rendered":"http:\/\/sztando.com\/?p=5296"},"modified":"2021-01-17T04:55:57","modified_gmt":"2021-01-17T03:55:57","slug":"szkolenie-nt-zarzadzania-strategicznego-rozwojem-miasta-dla-wladz-swidnicy","status":"publish","type":"post","link":"https:\/\/sztando.com\/?p=5296","title":{"rendered":"Szkolenie nt. zarz\u0105dzania strategicznego rozwojem miasta dla w\u0142adz \u015awidnicy."},"content":{"rendered":"<p>Coraz wi\u0119cej w\u0142adz samorz\u0105dowych chce zarz\u0105dza\u0107 strategicznie swoimi gminami by przy\u015bpieszy\u0107 ich rozw\u00f3j!\u00a0\u00a0Dzi\u015b jest drugi dzie\u0144 mojego szkolenia na ten temat dla W\u0142adz Miasta\u00a0<a class=\"profileLink\" href=\"https:\/\/www.facebook.com\/pages\/%C5%9Awidnica\/109073209110844?__tn__=K-R&amp;eid=ARAeXTs6VhEqFo2-E_q92lqWlQI8PIeqs1i3iJHUo2bOrViE2I7At2vgCs3Fab4iKQzZTNwOhsMtFQtD&amp;fref=mentions&amp;__xts__%5B0%5D=68.ARBTe6aRVS1hTSnj29gZtfXKubWaqPrU6Vx3GDEeOliup98FcKoCl9lH0Qs8j3yBLCPpxb_32IBdxoXFiDC9Jl1MSO_0xAUsDETNljGnqRsRUfervihqGCxf4ebS5zarmOkTTD9lzcog-IPcJvNm0QuRbcEM1mbUTtWgWmfxv0x-_YeXRsKe43Mp5UMqguDNxKVkGc-rd77ZMf3K\" data-hovercard=\"\/ajax\/hovercard\/page.php?id=109073209110844&amp;extragetparams=%7B%22__tn__%22%3A%22%2CdK-R-R%22%2C%22eid%22%3A%22ARAeXTs6VhEqFo2-E_q92lqWlQI8PIeqs1i3iJHUo2bOrViE2I7At2vgCs3Fab4iKQzZTNwOhsMtFQtD%22%2C%22fref%22%3A%22mentions%22%7D\" data-hovercard-prefer-more-content-show=\"1\">\u015awidnica<\/a>. S\u0105 wszyscy: Pani Prezydent\u00a0<a class=\"profileLink\" href=\"https:\/\/www.facebook.com\/BeataMoskalSlaniewska\/?__tn__=K-R&amp;eid=ARA9SDzk6QUEmFV5kxeXxppOYt2g2TkYFHmdkiDP1dY3GJGcFT-pr75q6Uo_bC3e9Hd2pFBBWAnMf4UA&amp;fref=mentions&amp;__xts__%5B0%5D=68.ARBTe6aRVS1hTSnj29gZtfXKubWaqPrU6Vx3GDEeOliup98FcKoCl9lH0Qs8j3yBLCPpxb_32IBdxoXFiDC9Jl1MSO_0xAUsDETNljGnqRsRUfervihqGCxf4ebS5zarmOkTTD9lzcog-IPcJvNm0QuRbcEM1mbUTtWgWmfxv0x-_YeXRsKe43Mp5UMqguDNxKVkGc-rd77ZMf3K\" data-hovercard=\"\/ajax\/hovercard\/page.php?id=710820225658608&amp;extragetparams=%7B%22__tn__%22%3A%22%2CdK-R-R%22%2C%22eid%22%3A%22ARA9SDzk6QUEmFV5kxeXxppOYt2g2TkYFHmdkiDP1dY3GJGcFT-pr75q6Uo_bC3e9Hd2pFBBWAnMf4UA%22%2C%22fref%22%3A%22mentions%22%7D\" data-hovercard-prefer-more-content-show=\"1\">Beata Moskal-S\u0142aniewska<\/a>, Zast\u0119pcy Prezydenta Pan\u00a0<a class=\"profileLink\" href=\"https:\/\/www.facebook.com\/Jerzy-%C5%BB%C4%85d%C5%82o-334949133784211\/?__tn__=K-R&amp;eid=ARDMb-Pg0NKY02NdqUMd3wBLA6T-B991UtymLlOpOdPmLJcxweNGlwowXMglyIUO2P6EOAxDqpHOO2QC&amp;fref=mentions&amp;__xts__%5B0%5D=68.ARBTe6aRVS1hTSnj29gZtfXKubWaqPrU6Vx3GDEeOliup98FcKoCl9lH0Qs8j3yBLCPpxb_32IBdxoXFiDC9Jl1MSO_0xAUsDETNljGnqRsRUfervihqGCxf4ebS5zarmOkTTD9lzcog-IPcJvNm0QuRbcEM1mbUTtWgWmfxv0x-_YeXRsKe43Mp5UMqguDNxKVkGc-rd77ZMf3K\" data-hovercard=\"\/ajax\/hovercard\/page.php?id=334949133784211&amp;extragetparams=%7B%22__tn__%22%3A%22%2CdK-R-R%22%2C%22eid%22%3A%22ARDMb-Pg0NKY02NdqUMd3wBLA6T-B991UtymLlOpOdPmLJcxweNGlwowXMglyIUO2P6EOAxDqpHOO2QC%22%2C%22fref%22%3A%22mentions%22%7D\" data-hovercard-prefer-more-content-show=\"1\">Jerzy \u017b\u0105d\u0142o<\/a>\u00a0i Pan\u00a0<a class=\"profileLink\" title=\"Szymon Chojnowski\" href=\"https:\/\/www.facebook.com\/chojnowski.swidnica?__tn__=K-R&amp;eid=ARDGmiSE44CDjg7FipAZx6d0lioeTFRWLN0Degj76BD3KmJZEPOQl-OunY_zeKdO4-yWP5HJKSZCClMa&amp;fref=mentions&amp;__xts__%5B0%5D=68.ARBTe6aRVS1hTSnj29gZtfXKubWaqPrU6Vx3GDEeOliup98FcKoCl9lH0Qs8j3yBLCPpxb_32IBdxoXFiDC9Jl1MSO_0xAUsDETNljGnqRsRUfervihqGCxf4ebS5zarmOkTTD9lzcog-IPcJvNm0QuRbcEM1mbUTtWgWmfxv0x-_YeXRsKe43Mp5UMqguDNxKVkGc-rd77ZMf3K\" data-hovercard=\"\/ajax\/hovercard\/user.php?id=100006824087290&amp;extragetparams=%7B%22__tn__%22%3A%22%2CdK-R-R%22%2C%22eid%22%3A%22ARDGmiSE44CDjg7FipAZx6d0lioeTFRWLN0Degj76BD3KmJZEPOQl-OunY_zeKdO4-yWP5HJKSZCClMa%22%2C%22fref%22%3A%22mentions%22%7D\" data-hovercard-prefer-more-content-show=\"1\">Szymon Chojnowski<\/a>, Skarbnik Miasta Pan\u00a0<a class=\"profileLink\" title=\"Kacper Siwek\" href=\"https:\/\/www.facebook.com\/kacper.siwek.77?__tn__=K-R&amp;eid=ARAG3qcmDMy0yenR8IqINdjxv5sTl8tmRvNqjlQdK8-83XOuYdqSd2PMiAevSJ_ClyDHRoi7rq7-69eU&amp;fref=mentions&amp;__xts__%5B0%5D=68.ARBTe6aRVS1hTSnj29gZtfXKubWaqPrU6Vx3GDEeOliup98FcKoCl9lH0Qs8j3yBLCPpxb_32IBdxoXFiDC9Jl1MSO_0xAUsDETNljGnqRsRUfervihqGCxf4ebS5zarmOkTTD9lzcog-IPcJvNm0QuRbcEM1mbUTtWgWmfxv0x-_YeXRsKe43Mp5UMqguDNxKVkGc-rd77ZMf3K\" data-hovercard=\"\/ajax\/hovercard\/user.php?id=100001460158615&amp;extragetparams=%7B%22__tn__%22%3A%22%2CdK-R-R%22%2C%22eid%22%3A%22ARAG3qcmDMy0yenR8IqINdjxv5sTl8tmRvNqjlQdK8-83XOuYdqSd2PMiAevSJ_ClyDHRoi7rq7-69eU%22%2C%22fref%22%3A%22mentions%22%7D\" data-hovercard-prefer-more-content-show=\"1\">Kacper Siwek<\/a>, Sekretarz Miasta\u00a0<a class=\"profileLink\" title=\"Maciej Rataj\" href=\"https:\/\/www.facebook.com\/maciej.rataj.56?__tn__=K-R&amp;eid=ARCZFGE6fiD3xv8xV0UH5QqUi3mrxCFjgz_yReckyFlpcRRXAtiROpZnAY0Wcvf935Xx11csmpWkl6np&amp;fref=mentions&amp;__xts__%5B0%5D=68.ARBTe6aRVS1hTSnj29gZtfXKubWaqPrU6Vx3GDEeOliup98FcKoCl9lH0Qs8j3yBLCPpxb_32IBdxoXFiDC9Jl1MSO_0xAUsDETNljGnqRsRUfervihqGCxf4ebS5zarmOkTTD9lzcog-IPcJvNm0QuRbcEM1mbUTtWgWmfxv0x-_YeXRsKe43Mp5UMqguDNxKVkGc-rd77ZMf3K\" data-hovercard=\"\/ajax\/hovercard\/user.php?id=100003760242613&amp;extragetparams=%7B%22__tn__%22%3A%22%2CdK-R-R%22%2C%22eid%22%3A%22ARCZFGE6fiD3xv8xV0UH5QqUi3mrxCFjgz_yReckyFlpcRRXAtiROpZnAY0Wcvf935Xx11csmpWkl6np%22%2C%22fref%22%3A%22mentions%22%7D\" data-hovercard-prefer-more-content-show=\"1\">Maciej Rataj<\/a>\u00a0oraz prezesi gminnych sp\u00f3\u0142ek, dyrektorzy gminnych jednostek i inni wysocy mened\u017cerowie publiczni. Co za dru\u017cyna!\u00a0<span class=\"text_exposed_show\">Wida\u0107 g\u0142\u0119bokie zainteresowanie tematem, s\u0105 pytania, jest \u017cywa, konstruktywna dyskusja i nie brak \u015bwietnych pomys\u0142\u00f3w! To jest moc\u00a0<a class=\"profileLink\" href=\"https:\/\/www.facebook.com\/%C5%9AWIDNICA-rynek-z-tradycjami-125466817497861\/?__tn__=K-R&amp;eid=ARBCZQXNzbqY23CiYMG4QZJiy4tqSy3sACVFKEgeQki0_-wQ7FvbWglTR3BQkEp8kVan4U0gUfkRheRK&amp;fref=mentions&amp;__xts__%5B0%5D=68.ARBTe6aRVS1hTSnj29gZtfXKubWaqPrU6Vx3GDEeOliup98FcKoCl9lH0Qs8j3yBLCPpxb_32IBdxoXFiDC9Jl1MSO_0xAUsDETNljGnqRsRUfervihqGCxf4ebS5zarmOkTTD9lzcog-IPcJvNm0QuRbcEM1mbUTtWgWmfxv0x-_YeXRsKe43Mp5UMqguDNxKVkGc-rd77ZMf3K\" data-hovercard=\"\/ajax\/hovercard\/page.php?id=125466817497861&amp;extragetparams=%7B%22__tn__%22%3A%22%2CdK-R-R%22%2C%22eid%22%3A%22ARBCZQXNzbqY23CiYMG4QZJiy4tqSy3sACVFKEgeQki0_-wQ7FvbWglTR3BQkEp8kVan4U0gUfkRheRK%22%2C%22fref%22%3A%22mentions%22%7D\" data-hovercard-prefer-more-content-show=\"1\">\u015aWIDNICA rynek z tradycjami<\/a>\u00a0!!!\u00a0Oby takich jak najwi\u0119cej!<\/span><\/p>\n","protected":false},"excerpt":{"rendered":"<p>Szkolenie nt. zarz\u0105dzania strategicznego rozwojem miasta dla w\u0142adz \u015awidnicy.<\/p>\n","protected":false},"author":1,"featured_media":4081,"comment_status":"closed","ping_status":"closed","sticky":false,"template":"","format":"standard","meta":{"footnotes":""},"categories":[156],"tags":[154,135,134],"class_list":["post-5296","post","type-post","status-publish","format-standard","has-post-thumbnail","hentry","category-szkolenia","tag-strategia-rozwoju","tag-swidnica","tag-szkolenie"],"_links":{"self":[{"href":"https:\/\/sztando.com\/index.php?rest_route=\/wp\/v2\/posts\/5296","targetHints":{"allow":["GET"]}}],"collection":[{"href":"https:\/\/sztando.com\/index.php?rest_route=\/wp\/v2\/posts"}],"about":[{"href":"https:\/\/sztando.com\/index.php?rest_route=\/wp\/v2\/types\/post"}],"author":[{"embeddable":true,"href":"https:\/\/sztando.com\/index.php?rest_route=\/wp\/v2\/users\/1"}],"replies":[{"embeddable":true,"href":"https:\/\/sztando.com\/index.php?rest_route=%2Fwp%2Fv2%2Fcomments&post=5296"}],"version-history":[{"count":5,"href":"https:\/\/sztando.com\/index.php?rest_route=\/wp\/v2\/posts\/5296\/revisions"}],"predecessor-version":[{"id":6568,"href":"https:\/\/sztando.com\/index.php?rest_route=\/wp\/v2\/posts\/5296\/revisions\/6568"}],"wp:featuredmedia":[{"embeddable":true,"href":"https:\/\/sztando.com\/index.php?rest_route=\/wp\/v2\/media\/4081"}],"wp:attachment":[{"href":"https:\/\/sztando.com\/index.php?rest_route=%2Fwp%2Fv2%2Fmedia&parent=5296"}],"wp:term":[{"taxonomy":"category","embeddable":true,"href":"https:\/\/sztando.com\/index.php?rest_route=%2Fwp%2Fv2%2Fcategories&post=5296"},{"taxonomy":"post_tag","embeddable":true,"href":"https:\/\/sztando.com\/index.php?rest_route=%2Fwp%2Fv2%2Ftags&post=5296"}],"curies":[{"name":"wp","href":"https:\/\/api.w.org\/{rel}","templated":true}]}}